{"id":122,"date":"2015-06-17T11:20:28","date_gmt":"2015-06-17T09:20:28","guid":{"rendered":"http:\/\/autokredit.center\/autonews\/?p=122"},"modified":"2015-06-17T11:20:28","modified_gmt":"2015-06-17T09:20:28","slug":"eu-kommission-stimmt-ueber-verfahren-zur-pkw-maut-ab","status":"publish","type":"post","link":"https:\/\/autokredit.center\/autonews\/eu-kommission-stimmt-ueber-verfahren-zur-pkw-maut-ab\/","title":{"rendered":"EU-Kommission stimmt \u00fcber Verfahren zur PKW-Maut ab"},"content":{"rendered":"<p>Die geplante deutsche PKW-Maut st\u00f6\u00dft in Br\u00fcssel auf Kritik. Heute soll die EU-Kommission dar\u00fcber abstimmen, ob ein Vertragsverletzungs-Verfahren gegen die Bundesregierung eingeleitet werden soll. Als Problematisch sehen die Br\u00fcsseler eine m\u00f6gliche Benachteiligung von Ausl\u00e4ndern durch die deutsche Maut.<\/p>\n<p><!--more--><\/p>\n<p>Anfang Juni hatte Bundespr\u00e4sident das Gesetz zur Einf\u00fchrung der PKS-Maut in Deutschland unterschrieben. Zum ersten Januar 2016 ist soll die Maut auf deutschen Stra\u00dfen gelten. Deutschen Autofahrern soll im Gegenzug ein Teil der Kfz-Steuer erstattet werden. Das sei eine unzul\u00e4ssige Benachteiligung ausl\u00e4ndischer Autofahrer und versto\u00dfe daher gegen EU-Recht, so EU Kommissionschef Juncker. Mit der Abstimmung der EU-Kommission heute entscheidet sich, ob ein Verfahren vor dem Europ\u00e4ischen Gerichtshof eingeleitet wird. Deutschland w\u00fcrde dann zun\u00e4chst ein Mahnschreiben erhalten, auf dass die Regierung binnen acht Wochen antworten k\u00f6nne.<\/p>\n<p>Verkehrsminister Dobrindt hatte die Warnungen seitens der EU ignoriert und berief sich darauf, dass die EU-Kommission seinen Mitgliedsstaaten 2011 empfohlen habe, eine Nutzerfinanzierung f\u00fcr die durch Verkehr entstehenden Kosten einzuf\u00fchren. Die Gestaltung der Kfz-Steuer sei au\u00dferdem alleinige Sache der Bundesregierung und gehe die EU somit nichts an, da die nationale Eigenst\u00e4ndigkeit bei der Steuererhebung zu den EU-Grundprinzipien z\u00e4hle. \u00a0Dobrindt gab au\u00dferdem an, auch in anderen EU-L\u00e4ndern habe es bei Einf\u00fchrung der PKW-Maut Erleichterungen f\u00fcr Inl\u00e4ndische Autofahrer gegeben. So habe \u00d6sterreich die Pendlerpauschale angehoben und Gro\u00dfbritannien bei Einf\u00fchrung der LKW-Maut die Kfz-Steuer f\u00fcr Lastkraftwagen verringert. \u201eIn beiden F\u00e4llen hatte die EU nichts zu beanstanden\u201c, so Dobrindt. \u201eWir diskriminieren niemanden. [\u2026] Wenn es mit Br\u00fcssel tats\u00e4chlich zu Verhandlungen k\u00e4me, werde auch \u00fcber die anderen europ\u00e4ischen Mautsysteme gesprochen\u201c, mahnte er.<\/p>\n<p>Insbesondere \u00d6sterreich ist einer der gr\u00f6\u00dften Gegner der PKW-Maut in Deutschland. Die \u00f6sterreichische Regierung hatte angek\u00fcndigt, auch unabh\u00e4ngig von der EU-Kommission eine Klage vor dem Europ\u00e4ischen Gerichtshof einzureichen.<\/p>\n","protected":false},"excerpt":{"rendered":"<p>Die geplante deutsche PKW-Maut st\u00f6\u00dft in Br\u00fcssel auf Kritik. Heute soll die EU-Kommission dar\u00fcber abstimmen, ob ein Vertragsverletzungs-Verfahren gegen die Bundesregierung eingeleitet werden soll. Als Problematisch sehen die Br\u00fcsseler eine m\u00f6gliche Benachteiligung von Ausl\u00e4ndern durch die deutsche Maut.<\/p><p><a class=\"more-link btn\" href=\"https:\/\/autokredit.center\/autonews\/eu-kommission-stimmt-ueber-verfahren-zur-pkw-maut-ab\/\">Weiterlesen<\/a><\/p>\n","protected":false},"author":1,"featured_media":0,"comment_status":"open","ping_status":"open","sticky":false,"template":"","format":"standard","meta":{"footnotes":""},"categories":[1],"tags":[],"yoast_head":"<!-- This site is optimized with the Yoast SEO plugin v22.0 - https:\/\/yoast.com\/wordpress\/plugins\/seo\/ -->\n<title>EU-Kommission stimmt \u00fcber Verfahren zur PKW-Maut ab - Autokredit Center<\/title>\n<meta name=\"robots\" content=\"index, follow, max-snippet:-1, max-image-preview:large, max-video-preview:-1\" \/>\n<link rel=\"canonical\" href=\"https:\/\/autokredit.center\/autonews\/eu-kommission-stimmt-ueber-verfahren-zur-pkw-maut-ab\/\" \/>\n<meta property=\"og:locale\" content=\"de_DE\" \/>\n<meta property=\"og:type\" content=\"article\" \/>\n<meta property=\"og:title\" content=\"EU-Kommission stimmt \u00fcber Verfahren zur PKW-Maut ab - Autokredit Center\" \/>\n<meta property=\"og:description\" content=\"Die geplante deutsche PKW-Maut st\u00f6\u00dft in Br\u00fcssel auf Kritik. Heute soll die EU-Kommission dar\u00fcber abstimmen, ob ein Vertragsverletzungs-Verfahren gegen die Bundesregierung eingeleitet werden soll. Als Problematisch sehen die Br\u00fcsseler eine m\u00f6gliche Benachteiligung von Ausl\u00e4ndern durch die deutsche Maut.\" \/>\n<meta property=\"og:url\" content=\"https:\/\/autokredit.center\/autonews\/eu-kommission-stimmt-ueber-verfahren-zur-pkw-maut-ab\/\" \/>\n<meta property=\"og:site_name\" content=\"Autokredit Center\" \/>\n<meta property=\"article:published_time\" content=\"2015-06-17T09:20:28+00:00\" \/>\n<meta name=\"author\" content=\"AutokreditCenter\" \/>\n<meta name=\"twitter:label1\" content=\"Verfasst von\" \/>\n\t<meta name=\"twitter:data1\" content=\"AutokreditCenter\" \/>\n\t<meta name=\"twitter:label2\" content=\"Gesch\u00e4tzte Lesezeit\" \/>\n\t<meta name=\"twitter:data2\" content=\"2\u00a0Minuten\" \/>\n<script type=\"application\/ld+json\" class=\"yoast-schema-graph\">{\"@context\":\"https:\/\/schema.org\",\"@graph\":[{\"@type\":\"WebPage\",\"@id\":\"https:\/\/autokredit.center\/autonews\/eu-kommission-stimmt-ueber-verfahren-zur-pkw-maut-ab\/\",\"url\":\"https:\/\/autokredit.center\/autonews\/eu-kommission-stimmt-ueber-verfahren-zur-pkw-maut-ab\/\",\"name\":\"EU-Kommission stimmt \u00fcber Verfahren zur PKW-Maut ab - Autokredit Center\",\"isPartOf\":{\"@id\":\"https:\/\/autokredit.center\/autonews\/#website\"},\"datePublished\":\"2015-06-17T09:20:28+00:00\",\"dateModified\":\"2015-06-17T09:20:28+00:00\",\"author\":{\"@id\":\"https:\/\/autokredit.center\/autonews\/#\/schema\/person\/c17281d841de8bde3e5c0be5d7e4dfa0\"},\"breadcrumb\":{\"@id\":\"https:\/\/autokredit.center\/autonews\/eu-kommission-stimmt-ueber-verfahren-zur-pkw-maut-ab\/#breadcrumb\"},\"inLanguage\":\"de\",\"potentialAction\":[{\"@type\":\"ReadAction\",\"target\":[\"https:\/\/autokredit.center\/autonews\/eu-kommission-stimmt-ueber-verfahren-zur-pkw-maut-ab\/\"]}]},{\"@type\":\"BreadcrumbList\",\"@id\":\"https:\/\/autokredit.center\/autonews\/eu-kommission-stimmt-ueber-verfahren-zur-pkw-maut-ab\/#breadcrumb\",\"itemListElement\":[{\"@type\":\"ListItem\",\"position\":1,\"name\":\"Home\",\"item\":\"https:\/\/autokredit.center\/autonews\/\"},{\"@type\":\"ListItem\",\"position\":2,\"name\":\"EU-Kommission stimmt \u00fcber Verfahren zur PKW-Maut ab\"}]},{\"@type\":\"WebSite\",\"@id\":\"https:\/\/autokredit.center\/autonews\/#website\",\"url\":\"https:\/\/autokredit.center\/autonews\/\",\"name\":\"Autokredit Center\",\"description\":\"News rund ums Auto\",\"potentialAction\":[{\"@type\":\"SearchAction\",\"target\":{\"@type\":\"EntryPoint\",\"urlTemplate\":\"https:\/\/autokredit.center\/autonews\/?s={search_term_string}\"},\"query-input\":\"required name=search_term_string\"}],\"inLanguage\":\"de\"},{\"@type\":\"Person\",\"@id\":\"https:\/\/autokredit.center\/autonews\/#\/schema\/person\/c17281d841de8bde3e5c0be5d7e4dfa0\",\"name\":\"AutokreditCenter\",\"url\":\"https:\/\/autokredit.center\/autonews\/author\/autokreditcenter\/\"}]}<\/script>\n<!-- \/ Yoast SEO plugin. -->","yoast_head_json":{"title":"EU-Kommission stimmt \u00fcber Verfahren zur PKW-Maut ab - Autokredit Center","robots":{"index":"index","follow":"follow","max-snippet":"max-snippet:-1","max-image-preview":"max-image-preview:large","max-video-preview":"max-video-preview:-1"},"canonical":"https:\/\/autokredit.center\/autonews\/eu-kommission-stimmt-ueber-verfahren-zur-pkw-maut-ab\/","og_locale":"de_DE","og_type":"article","og_title":"EU-Kommission stimmt \u00fcber Verfahren zur PKW-Maut ab - Autokredit Center","og_description":"Die geplante deutsche PKW-Maut st\u00f6\u00dft in Br\u00fcssel auf Kritik. Heute soll die EU-Kommission dar\u00fcber abstimmen, ob ein Vertragsverletzungs-Verfahren gegen die Bundesregierung eingeleitet werden soll. Als Problematisch sehen die Br\u00fcsseler eine m\u00f6gliche Benachteiligung von Ausl\u00e4ndern durch die deutsche Maut.","og_url":"https:\/\/autokredit.center\/autonews\/eu-kommission-stimmt-ueber-verfahren-zur-pkw-maut-ab\/","og_site_name":"Autokredit Center","article_published_time":"2015-06-17T09:20:28+00:00","author":"AutokreditCenter","twitter_misc":{"Verfasst von":"AutokreditCenter","Gesch\u00e4tzte Lesezeit":"2\u00a0Minuten"},"schema":{"@context":"https:\/\/schema.org","@graph":[{"@type":"WebPage","@id":"https:\/\/autokredit.center\/autonews\/eu-kommission-stimmt-ueber-verfahren-zur-pkw-maut-ab\/","url":"https:\/\/autokredit.center\/autonews\/eu-kommission-stimmt-ueber-verfahren-zur-pkw-maut-ab\/","name":"EU-Kommission stimmt \u00fcber Verfahren zur PKW-Maut ab - Autokredit Center","isPartOf":{"@id":"https:\/\/autokredit.center\/autonews\/#website"},"datePublished":"2015-06-17T09:20:28+00:00","dateModified":"2015-06-17T09:20:28+00:00","author":{"@id":"https:\/\/autokredit.center\/autonews\/#\/schema\/person\/c17281d841de8bde3e5c0be5d7e4dfa0"},"breadcrumb":{"@id":"https:\/\/autokredit.center\/autonews\/eu-kommission-stimmt-ueber-verfahren-zur-pkw-maut-ab\/#breadcrumb"},"inLanguage":"de","potentialAction":[{"@type":"ReadAction","target":["https:\/\/autokredit.center\/autonews\/eu-kommission-stimmt-ueber-verfahren-zur-pkw-maut-ab\/"]}]},{"@type":"BreadcrumbList","@id":"https:\/\/autokredit.center\/autonews\/eu-kommission-stimmt-ueber-verfahren-zur-pkw-maut-ab\/#breadcrumb","itemListElement":[{"@type":"ListItem","position":1,"name":"Home","item":"https:\/\/autokredit.center\/autonews\/"},{"@type":"ListItem","position":2,"name":"EU-Kommission stimmt \u00fcber Verfahren zur PKW-Maut ab"}]},{"@type":"WebSite","@id":"https:\/\/autokredit.center\/autonews\/#website","url":"https:\/\/autokredit.center\/autonews\/","name":"Autokredit Center","description":"News rund ums Auto","potentialAction":[{"@type":"SearchAction","target":{"@type":"EntryPoint","urlTemplate":"https:\/\/autokredit.center\/autonews\/?s={search_term_string}"},"query-input":"required name=search_term_string"}],"inLanguage":"de"},{"@type":"Person","@id":"https:\/\/autokredit.center\/autonews\/#\/schema\/person\/c17281d841de8bde3e5c0be5d7e4dfa0","name":"AutokreditCenter","url":"https:\/\/autokredit.center\/autonews\/author\/autokreditcenter\/"}]}},"_links":{"self":[{"href":"https:\/\/autokredit.center\/autonews\/wp-json\/wp\/v2\/posts\/122"}],"collection":[{"href":"https:\/\/autokredit.center\/autonews\/wp-json\/wp\/v2\/posts"}],"about":[{"href":"https:\/\/autokredit.center\/autonews\/wp-json\/wp\/v2\/types\/post"}],"author":[{"embeddable":true,"href":"https:\/\/autokredit.center\/autonews\/wp-json\/wp\/v2\/users\/1"}],"replies":[{"embeddable":true,"href":"https:\/\/autokredit.center\/autonews\/wp-json\/wp\/v2\/comments?post=122"}],"version-history":[{"count":1,"href":"https:\/\/autokredit.center\/autonews\/wp-json\/wp\/v2\/posts\/122\/revisions"}],"predecessor-version":[{"id":123,"href":"https:\/\/autokredit.center\/autonews\/wp-json\/wp\/v2\/posts\/122\/revisions\/123"}],"wp:attachment":[{"href":"https:\/\/autokredit.center\/autonews\/wp-json\/wp\/v2\/media?parent=122"}],"wp:term":[{"taxonomy":"category","embeddable":true,"href":"https:\/\/autokredit.center\/autonews\/wp-json\/wp\/v2\/categories?post=122"},{"taxonomy":"post_tag","embeddable":true,"href":"https:\/\/autokredit.center\/autonews\/wp-json\/wp\/v2\/tags?post=122"}],"curies":[{"name":"wp","href":"https:\/\/api.w.org\/{rel}","templated":true}]}}